{"id":370535,"date":"2018-07-23T17:55:13","date_gmt":"2018-07-23T16:55:13","guid":{"rendered":"http:\/\/rinf.com\/alt-news\/multimedia\/video-last-of-his-tribe-indigenous-amazon-man-lives-for-22yrs-without-contact-with-outside-world\/"},"modified":"2018-07-23T17:55:13","modified_gmt":"2018-07-23T16:55:13","slug":"video-last-of-his-tribe-indigenous-amazon-man-lives-for-22yrs-without-contact-with-outside-world","status":"publish","type":"post","link":"https:\/\/rinf.com\/alt-news\/multimedia\/video-last-of-his-tribe-indigenous-amazon-man-lives-for-22yrs-without-contact-with-outside-world\/","title":{"rendered":"Video: \u2018Last of his tribe\u2019: Indigenous Amazon man lives for 22yrs without contact with outside world"},"content":{"rendered":"<p>Mandatory credit: Funda\u00e7\u00e3o Nacional do \u00cdndio An indigenous Amazon man believed to be the last surviving member of his tribe has been sighted after 22 years &#8230;<br \/>\n<br \/><a href=\"https:\/\/www.youtube.com\/watch?v=6fNTT2DokkY\"target=\"_blank\">Via Youtube<\/a><\/p>\n","protected":false},"excerpt":{"rendered":"<p>Mandatory credit: Funda\u00e7\u00e3o Nacional do \u00cdndio An indigenous Amazon man believed to be the last surviving member of his tribe has been sighted after 22 years &#8230; Via Youtube<\/p>\n","protected":false},"author":1,"featured_media":370536,"comment_status":"open","ping_status":"closed","sticky":false,"template":"","format":"video","meta":{"footnotes":""},"categories":[8],"tags":[1029,6452,20477,33741,59153,59149,59155,59154,59150,59151,59152,986,987],"class_list":{"0":"post-370535","1":"post","2":"type-post","3":"status-publish","4":"format-video","5":"has-post-thumbnail","7":"category-multimedia","8":"tag-1029","9":"tag-amazon","10":"tag-axe","11":"tag-brazilian-government","12":"tag-funai","13":"tag-fundacao-nacional-do-indio","14":"tag-hew-tree","15":"tag-indigenous-agency","16":"tag-indigenous-amazon-man","17":"tag-last-of-his-tribe","18":"tag-rondonia","19":"tag-rt","20":"tag-russia-today","21":"post_format-post-format-video"},"_links":{"self":[{"href":"https:\/\/rinf.com\/alt-news\/wp-json\/wp\/v2\/posts\/370535","targetHints":{"allow":["GET"]}}],"collection":[{"href":"https:\/\/rinf.com\/alt-news\/wp-json\/wp\/v2\/posts"}],"about":[{"href":"https:\/\/rinf.com\/alt-news\/wp-json\/wp\/v2\/types\/post"}],"author":[{"embeddable":true,"href":"https:\/\/rinf.com\/alt-news\/wp-json\/wp\/v2\/users\/1"}],"replies":[{"embeddable":true,"href":"https:\/\/rinf.com\/alt-news\/wp-json\/wp\/v2\/comments?post=370535"}],"version-history":[{"count":0,"href":"https:\/\/rinf.com\/alt-news\/wp-json\/wp\/v2\/posts\/370535\/revisions"}],"wp:featuredmedia":[{"embeddable":true,"href":"https:\/\/rinf.com\/alt-news\/wp-json\/wp\/v2\/media\/370536"}],"wp:attachment":[{"href":"https:\/\/rinf.com\/alt-news\/wp-json\/wp\/v2\/media?parent=370535"}],"wp:term":[{"taxonomy":"category","embeddable":true,"href":"https:\/\/rinf.com\/alt-news\/wp-json\/wp\/v2\/categories?post=370535"},{"taxonomy":"post_tag","embeddable":true,"href":"https:\/\/rinf.com\/alt-news\/wp-json\/wp\/v2\/tags?post=370535"}],"curies":[{"name":"wp","href":"https:\/\/api.w.org\/{rel}","templated":true}]}}